{"id":981,"date":"2020-04-27T10:05:13","date_gmt":"2020-04-27T09:05:13","guid":{"rendered":"http:\/\/www.davidtrescos.com\/?p=981"},"modified":"2025-02-09T20:32:27","modified_gmt":"2025-02-09T19:32:27","slug":"radio-congo","status":"publish","type":"post","link":"http:\/\/www.davidtrescos.com\/?p=981","title":{"rendered":"RADIO CONGO"},"content":{"rendered":"\n<p>Documentaire r\u00e9alis\u00e9 par Philippe Ayme<\/p>\n\n\n\n<p class=\"has-small-font-size\">Idiofa,  un village isol\u00e9 \u00e0 deux jours de route de Kinshasa, au c\u0153ur de la  R\u00e9publique D\u00e9mocratique du Congo. \u00c0 l\u2019aube d\u2019une \u00e9lection nationale  historique, la radio communautaire Nsemo lutte pour couvrir les d\u00e9bats,  malgr\u00e9 la censure et les carences \u00e9nerg\u00e9tiques.<\/p>\n\n\n\n<p><em>Dryades Films &amp; Public S\u00e9nat.<\/em><\/p>\n\n\n\n<p class=\"has-text-align-left\"><em>Avec la participation de <\/em><a href=\"http:\/\/clinicrodeo.blogspot.com\/\"><em>CLINIC RODEO<\/em><\/a><\/p>\n\n\n\n<figure class=\"wp-block-embed is-type-video is-provider-vimeo wp-block-embed-vimeo wp-embed-aspect-16-9 wp-has-aspect-ratio\"><div class=\"wp-block-embed__wrapper\">\n<iframe loading=\"lazy\" title=\"RADIO CONGO-MOTEUR.mov\" src=\"https:\/\/player.vimeo.com\/video\/542634461?dnt=1&amp;app_id=122963\" width=\"560\" height=\"315\" frameborder=\"0\" allow=\"autoplay; fullscreen; picture-in-picture; clipboard-write; encrypted-media\"><\/iframe>\n<\/div><\/figure>\n\n\n\n<figure class=\"wp-block-embed is-type-video is-provider-vimeo wp-block-embed-vimeo wp-embed-aspect-16-9 wp-has-aspect-ratio\"><div class=\"wp-block-embed__wrapper\">\n<iframe loading=\"lazy\" title=\"RADIO CONGO\" src=\"https:\/\/player.vimeo.com\/video\/542634283?dnt=1&amp;app_id=122963\" width=\"560\" height=\"315\" frameborder=\"0\" allow=\"autoplay; fullscreen; picture-in-picture; clipboard-write; encrypted-media\"><\/iframe>\n<\/div><\/figure>\n\n\n\n<figure class=\"wp-block-embed aligncenter is-type-video is-provider-vimeo wp-block-embed-vimeo wp-embed-aspect-16-9 wp-has-aspect-ratio\"><div class=\"wp-block-embed__wrapper\">\n<iframe loading=\"lazy\" title=\"RADIO CONGO-FIN.mov\" src=\"https:\/\/player.vimeo.com\/video\/542634523?dnt=1&amp;app_id=122963\" width=\"560\" height=\"315\" frameborder=\"0\" allow=\"autoplay; fullscreen; picture-in-picture; clipboard-write; encrypted-media\"><\/iframe>\n<\/div><\/figure>\n","protected":false},"excerpt":{"rendered":"<p>Documentaire r\u00e9alis\u00e9 par Philippe Ayme Idiofa, un village isol\u00e9 \u00e0 deux jours de route de Kinshasa, au c\u0153ur de la R\u00e9publique D\u00e9mocratique du Congo. \u00c0 l\u2019aube d\u2019une \u00e9lection nationale historique, la radio communautaire Nsemo lutte pour couvrir les d\u00e9bats, malgr\u00e9 la censure et les carences \u00e9nerg\u00e9tiques. Dryades Films &amp; Public S\u00e9nat. Avec la participation de [&hellip;]<\/p>\n","protected":false},"author":1,"featured_media":986,"comment_status":"closed","ping_status":"open","sticky":false,"template":"","format":"standard","meta":{"footnotes":""},"categories":[10,4,6],"tags":[],"class_list":["post-981","post","type-post","status-publish","format-standard","has-post-thumbnail","hentry","category-bande-originale","category-documentaire","category-musique","has-thumbnail"],"_links":{"self":[{"href":"http:\/\/www.davidtrescos.com\/index.php?rest_route=\/wp\/v2\/posts\/981","targetHints":{"allow":["GET"]}}],"collection":[{"href":"http:\/\/www.davidtrescos.com\/index.php?rest_route=\/wp\/v2\/posts"}],"about":[{"href":"http:\/\/www.davidtrescos.com\/index.php?rest_route=\/wp\/v2\/types\/post"}],"author":[{"embeddable":true,"href":"http:\/\/www.davidtrescos.com\/index.php?rest_route=\/wp\/v2\/users\/1"}],"replies":[{"embeddable":true,"href":"http:\/\/www.davidtrescos.com\/index.php?rest_route=%2Fwp%2Fv2%2Fcomments&post=981"}],"version-history":[{"count":26,"href":"http:\/\/www.davidtrescos.com\/index.php?rest_route=\/wp\/v2\/posts\/981\/revisions"}],"predecessor-version":[{"id":1164,"href":"http:\/\/www.davidtrescos.com\/index.php?rest_route=\/wp\/v2\/posts\/981\/revisions\/1164"}],"wp:featuredmedia":[{"embeddable":true,"href":"http:\/\/www.davidtrescos.com\/index.php?rest_route=\/wp\/v2\/media\/986"}],"wp:attachment":[{"href":"http:\/\/www.davidtrescos.com\/index.php?rest_route=%2Fwp%2Fv2%2Fmedia&parent=981"}],"wp:term":[{"taxonomy":"category","embeddable":true,"href":"http:\/\/www.davidtrescos.com\/index.php?rest_route=%2Fwp%2Fv2%2Fcategories&post=981"},{"taxonomy":"post_tag","embeddable":true,"href":"http:\/\/www.davidtrescos.com\/index.php?rest_route=%2Fwp%2Fv2%2Ftags&post=981"}],"curies":[{"name":"wp","href":"https:\/\/api.w.org\/{rel}","templated":true}]}}