{"id":1199,"date":"2024-02-10T19:44:00","date_gmt":"2024-02-10T18:44:00","guid":{"rendered":"https:\/\/www.davidtrescos.com\/?p=1199"},"modified":"2025-02-10T19:49:43","modified_gmt":"2025-02-10T18:49:43","slug":"les-esprits-du-palais","status":"publish","type":"post","link":"https:\/\/www.davidtrescos.com\/?p=1199","title":{"rendered":"LES ESPRITS DU PALAIS"},"content":{"rendered":"\n<p>Le Podcast du Palais de la D\u00e9couverte<br>R\u00e9alis\u00e9 par Eddie Ladoire<br>Production UNENDLICHE STUDIO<\/p>\n\n\n\n<p>Le podcast \u00ab Les Esprits du Palais \u00bb prend la forme d\u2019un feuilleton radiophonique et d&rsquo;une enqu\u00eate.<\/p>\n\n\n\n<p>La premi\u00e8re saison comporte 7 \u00e9pisodes de 15 minutes chacun. La commande \u00e9tait de restituer l\u2019identit\u00e9 sonore du Palais de la d\u00e9couverte \u00e0 travers une balade sonore dans l\u2019espace du mus\u00e9e, de conserver la m\u00e9moire vivante de ce lieu unique&nbsp;et de ce qui faisait son identit\u00e9 particuli\u00e8re, avant sa fermeture pour travaux depuis le mois de novembre 2020. La proposition se veut artistique et en m\u00eame temps fid\u00e8le \u00e0 l\u2019essence m\u00eame du Palais de la d\u00e9couverte qui lia, d\u00e8s ses origines, la d\u00e9marche et les savoirs scientifiques \u00e0 l\u2019art et \u00e0 l\u2019architecture, les traditions \u00e0 l\u2019innovation. Cette cr\u00e9ation originale invite \u00e0 ressentir et \u00e0 comprendre l\u2019identit\u00e9 du Palais. Les Esprits qui l\u2019habitent \u2013 l\u2019Esprit de l\u2019art depuis 1900 et l\u2019Esprit de la science depuis 1937 \u2013 guident l&rsquo;auditeur \u00e0 travers le temps, les salles, les espaces, les unit\u00e9s scientifiques pour une visite inattendue.<\/p>\n\n\n\n<p>Dans la saison 2, produite en 2023, l&rsquo;enqu\u00eate qui a d\u00e9but\u00e9 dans la saison 1, se poursuit. Cette saison \u00e9voque la transition de l\u2019ancien vers le futur Palais de la D\u00e9couverte, permet la d\u00e9couverte des m\u00e9diations propos\u00e9es hors les murs, que ce soit au sein de l\u2019espace temporaire des Etincelles du Palais de la D\u00e9couverte ou au sein d\u2019institutions ou d\u2019organismes de recherche. Durant les travaux de r\u00e9novation du Palais, les \u00e9quipes de m\u00e9diation scientifique se sont install\u00e9es aux \u00c9tincelles, dans le XVe arrondissement de Paris.&nbsp;\u00c0 l\u2019automne 2023, d\u2019\u00e9tranges ph\u00e9nom\u00e8nes se succ\u00e8dent aux abords et \u00e0 l\u2019int\u00e9rieur du b\u00e2timent, suscitant d\u2019abord la stupeur puis nombre d\u2019interrogations. Comment expliquer ces \u00e9v\u00e9nements ? Pourquoi se produisent-ils dans ce lieu pr\u00e9cis ? Qui en est l&rsquo;auteur ? D\u00e9laissant un temps le Palais d\u2019Antin, nos deux Esprits, de l\u2019art et de la science, se retrouvent plong\u00e9s au c\u0153ur de l\u2019enqu\u00eate\u2026<\/p>\n\n\n\n<figure class=\"wp-block-embed is-type-rich is-provider-soundcloud wp-block-embed-soundcloud\"><div class=\"wp-block-embed__wrapper\">\n<iframe loading=\"lazy\" title=\"Episode 1 - un jour au palais by unendliche studio\" width=\"560\" height=\"400\" scrolling=\"no\" frameborder=\"no\" src=\"https:\/\/w.soundcloud.com\/player\/?visual=true&#038;url=https%3A%2F%2Fapi.soundcloud.com%2Ftracks%2F1388249899&#038;show_artwork=true&#038;maxheight=840&#038;maxwidth=560\"><\/iframe>\n<\/div><\/figure>\n\n\n\n<figure class=\"wp-block-embed is-type-rich is-provider-soundcloud wp-block-embed-soundcloud\"><div class=\"wp-block-embed__wrapper\">\n<iframe loading=\"lazy\" title=\"episode 2 - Les passeurs by unendliche studio\" width=\"560\" height=\"400\" scrolling=\"no\" frameborder=\"no\" src=\"https:\/\/w.soundcloud.com\/player\/?visual=true&#038;url=https%3A%2F%2Fapi.soundcloud.com%2Ftracks%2F1388249884&#038;show_artwork=true&#038;maxheight=840&#038;maxwidth=560\"><\/iframe>\n<\/div><\/figure>\n","protected":false},"excerpt":{"rendered":"<p>Le Podcast du Palais de la D\u00e9couverteR\u00e9alis\u00e9 par Eddie LadoireProduction UNENDLICHE STUDIO Le podcast \u00ab Les Esprits du Palais \u00bb prend la forme d\u2019un feuilleton radiophonique et d&rsquo;une enqu\u00eate. La premi\u00e8re saison comporte 7 \u00e9pisodes de 15 minutes chacun. La commande \u00e9tait de restituer l\u2019identit\u00e9 sonore du Palais de la d\u00e9couverte \u00e0 travers une balade [&hellip;]<\/p>\n","protected":false},"author":1,"featured_media":1198,"comment_status":"closed","ping_status":"open","sticky":false,"template":"","format":"standard","meta":{"footnotes":""},"categories":[2,16],"tags":[],"class_list":["post-1199","post","type-post","status-publish","format-standard","has-post-thumbnail","hentry","category-mixage","category-podcast","has-thumbnail"],"_links":{"self":[{"href":"https:\/\/www.davidtrescos.com\/index.php?rest_route=\/wp\/v2\/posts\/1199","targetHints":{"allow":["GET"]}}],"collection":[{"href":"https:\/\/www.davidtrescos.com\/index.php?rest_route=\/wp\/v2\/posts"}],"about":[{"href":"https:\/\/www.davidtrescos.com\/index.php?rest_route=\/wp\/v2\/types\/post"}],"author":[{"embeddable":true,"href":"https:\/\/www.davidtrescos.com\/index.php?rest_route=\/wp\/v2\/users\/1"}],"replies":[{"embeddable":true,"href":"https:\/\/www.davidtrescos.com\/index.php?rest_route=%2Fwp%2Fv2%2Fcomments&post=1199"}],"version-history":[{"count":1,"href":"https:\/\/www.davidtrescos.com\/index.php?rest_route=\/wp\/v2\/posts\/1199\/revisions"}],"predecessor-version":[{"id":1200,"href":"https:\/\/www.davidtrescos.com\/index.php?rest_route=\/wp\/v2\/posts\/1199\/revisions\/1200"}],"wp:featuredmedia":[{"embeddable":true,"href":"https:\/\/www.davidtrescos.com\/index.php?rest_route=\/wp\/v2\/media\/1198"}],"wp:attachment":[{"href":"https:\/\/www.davidtrescos.com\/index.php?rest_route=%2Fwp%2Fv2%2Fmedia&parent=1199"}],"wp:term":[{"taxonomy":"category","embeddable":true,"href":"https:\/\/www.davidtrescos.com\/index.php?rest_route=%2Fwp%2Fv2%2Fcategories&post=1199"},{"taxonomy":"post_tag","embeddable":true,"href":"https:\/\/www.davidtrescos.com\/index.php?rest_route=%2Fwp%2Fv2%2Ftags&post=1199"}],"curies":[{"name":"wp","href":"https:\/\/api.w.org\/{rel}","templated":true}]}}