{"id":356,"date":"2014-10-07T18:40:23","date_gmt":"2014-10-07T17:40:23","guid":{"rendered":"http:\/\/www.davidtrescos.com\/?p=356"},"modified":"2024-07-08T19:58:19","modified_gmt":"2024-07-08T18:58:19","slug":"le-mur","status":"publish","type":"post","link":"https:\/\/www.davidtrescos.com\/?p=356","title":{"rendered":"LE MUR"},"content":{"rendered":"<p><span style=\"font-size: 10pt; font-family: helvetica;\">Pi\u00e8ce \u00e9lectroacoustique.<\/span><\/p>\n<p><span style=\"font-size: 10pt; font-family: helvetica;\">Pour l&rsquo;\u00e9mission \u00ab\u00a0Le mur du son\u00a0\u00bb, diffus\u00e9e sur France Musique. Dans le cadre de Tapage Nocturne, Bruno Letort a propos\u00e9 \u00e0 des compositeurs d&rsquo;\u00e9crire une petite pi\u00e8ce sur le th\u00e8me \u00ab\u00a020 ans apr\u00e8s la chute du mur de Berlin\u00a0\u00bb d&rsquo;une dur\u00e9e de 1 \u00e0 3 minutes.<\/span><\/p>\n<p><span style=\"font-family: helvetica;\">\u00a0<\/span><\/p>\n<p style=\"text-align: left;\"><span style=\"font-family: helvetica;\"><em><span style=\"font-size: 10pt;\">France Musique.\u00a0<\/span><\/em><\/span><\/p>\n<hr \/>\n<div id=\"container\" align=\"center\"><a href=\"https:\/\/youtu.be\/oWuLpVaU7q8\">[jwplayer config=\u00a0\u00bbCustom Player\u00a0\u00bb mediaid=\u00a0\u00bb93&Prime;]<\/a><!--[if lt IE 9]><script>document.createElement('audio');<\/script><![endif]-->\n<audio class=\"wp-audio-shortcode\" id=\"audio-356-1\" preload=\"none\" style=\"width: 100%;\" controls=\"controls\"><source type=\"audio\/mpeg\" src=\"http:\/\/www.davidtrescos.com\/wp-content\/uploads\/2014\/10\/Le_mur.mp3?_=1\" \/><a href=\"http:\/\/www.davidtrescos.com\/wp-content\/uploads\/2014\/10\/Le_mur.mp3\">http:\/\/www.davidtrescos.com\/wp-content\/uploads\/2014\/10\/Le_mur.mp3<\/a><\/audio><\/p>\n<\/div>\n","protected":false},"excerpt":{"rendered":"<p>Pi\u00e8ce \u00e9lectroacoustique. Pour l&rsquo;\u00e9mission \u00ab\u00a0Le mur du son\u00a0\u00bb, diffus\u00e9e sur France Musique. Dans le cadre de Tapage Nocturne, Bruno Letort a propos\u00e9 \u00e0 des compositeurs d&rsquo;\u00e9crire une petite pi\u00e8ce sur le th\u00e8me \u00ab\u00a020 ans apr\u00e8s la chute du mur de Berlin\u00a0\u00bb d&rsquo;une dur\u00e9e de 1 \u00e0 3 minutes. \u00a0 France Musique.\u00a0 [jwplayer config=\u00a0\u00bbCustom Player\u00a0\u00bb mediaid=\u00a0\u00bb93&Prime;]<\/p>\n","protected":false},"author":1,"featured_media":357,"comment_status":"closed","ping_status":"closed","sticky":false,"template":"","format":"standard","meta":{"footnotes":""},"categories":[6],"tags":[],"class_list":["post-356","post","type-post","status-publish","format-standard","has-post-thumbnail","hentry","category-musique","has-thumbnail"],"_links":{"self":[{"href":"https:\/\/www.davidtrescos.com\/index.php?rest_route=\/wp\/v2\/posts\/356","targetHints":{"allow":["GET"]}}],"collection":[{"href":"https:\/\/www.davidtrescos.com\/index.php?rest_route=\/wp\/v2\/posts"}],"about":[{"href":"https:\/\/www.davidtrescos.com\/index.php?rest_route=\/wp\/v2\/types\/post"}],"author":[{"embeddable":true,"href":"https:\/\/www.davidtrescos.com\/index.php?rest_route=\/wp\/v2\/users\/1"}],"replies":[{"embeddable":true,"href":"https:\/\/www.davidtrescos.com\/index.php?rest_route=%2Fwp%2Fv2%2Fcomments&post=356"}],"version-history":[{"count":9,"href":"https:\/\/www.davidtrescos.com\/index.php?rest_route=\/wp\/v2\/posts\/356\/revisions"}],"predecessor-version":[{"id":1128,"href":"https:\/\/www.davidtrescos.com\/index.php?rest_route=\/wp\/v2\/posts\/356\/revisions\/1128"}],"wp:featuredmedia":[{"embeddable":true,"href":"https:\/\/www.davidtrescos.com\/index.php?rest_route=\/wp\/v2\/media\/357"}],"wp:attachment":[{"href":"https:\/\/www.davidtrescos.com\/index.php?rest_route=%2Fwp%2Fv2%2Fmedia&parent=356"}],"wp:term":[{"taxonomy":"category","embeddable":true,"href":"https:\/\/www.davidtrescos.com\/index.php?rest_route=%2Fwp%2Fv2%2Fcategories&post=356"},{"taxonomy":"post_tag","embeddable":true,"href":"https:\/\/www.davidtrescos.com\/index.php?rest_route=%2Fwp%2Fv2%2Ftags&post=356"}],"curies":[{"name":"wp","href":"https:\/\/api.w.org\/{rel}","templated":true}]}}