{"id":977,"date":"2021-04-26T15:35:08","date_gmt":"2021-04-26T14:35:08","guid":{"rendered":"http:\/\/www.davidtrescos.com\/?p=977"},"modified":"2025-02-09T20:03:29","modified_gmt":"2025-02-09T19:03:29","slug":"ourse","status":"publish","type":"post","link":"https:\/\/www.davidtrescos.com\/?p=977","title":{"rendered":"OURSE"},"content":{"rendered":"\n<p>Court m\u00e9trage r\u00e9alis\u00e9 par Nicolas Birkenstock<\/p>\n\n\n\n<p>Avec : Armande Boulanger, Eli\u00e8s Bachta et Aude Ruyter<\/p>\n\n\n\n<p>Ourse devient somnambule et s\u2019enfuit la nuit. Sa m\u00e8re tente de la gu\u00e9rir de ce mal. Mais Ourse ne veut pas gu\u00e9rir, bien d\u00e9cid\u00e9e \u00e0 comprendre o\u00f9 son sommeil la porte. Veut-elle fuir le cours de sa propre vie ?<\/p>\n\n\n\n<p>TS PRODUCTIONS.<\/p>\n\n\n\n<figure class=\"wp-block-embed aligncenter is-type-video is-provider-vimeo wp-block-embed-vimeo wp-embed-aspect-16-9 wp-has-aspect-ratio\"><div class=\"wp-block-embed__wrapper\">\n<iframe loading=\"lazy\" title=\"OURSE DEBUT.mov\" src=\"https:\/\/player.vimeo.com\/video\/542597896?dnt=1&amp;app_id=122963\" width=\"560\" height=\"303\" frameborder=\"0\" allow=\"autoplay; fullscreen; picture-in-picture; clipboard-write; encrypted-media\"><\/iframe>\n<\/div><\/figure>\n\n\n\n<figure class=\"wp-block-embed aligncenter is-type-video is-provider-vimeo wp-block-embed-vimeo wp-embed-aspect-16-9 wp-has-aspect-ratio\"><div class=\"wp-block-embed__wrapper\">\n<iframe loading=\"lazy\" title=\"OURSE PERE.mov\" src=\"https:\/\/player.vimeo.com\/video\/542598089?dnt=1&amp;app_id=122963\" width=\"560\" height=\"303\" frameborder=\"0\" allow=\"autoplay; fullscreen; picture-in-picture; clipboard-write; encrypted-media\"><\/iframe>\n<\/div><\/figure>\n\n\n\n<figure class=\"wp-block-embed aligncenter is-type-video is-provider-vimeo wp-block-embed-vimeo wp-embed-aspect-16-9 wp-has-aspect-ratio\"><div class=\"wp-block-embed__wrapper\">\n<iframe loading=\"lazy\" title=\"OURSE FIN.mov\" src=\"https:\/\/player.vimeo.com\/video\/542598159?dnt=1&amp;app_id=122963\" width=\"560\" height=\"303\" frameborder=\"0\" allow=\"autoplay; fullscreen; picture-in-picture; clipboard-write; encrypted-media\"><\/iframe>\n<\/div><\/figure>\n\n\n\n<p><\/p>\n","protected":false},"excerpt":{"rendered":"<p>Court m\u00e9trage r\u00e9alis\u00e9 par Nicolas Birkenstock Avec : Armande Boulanger, Eli\u00e8s Bachta et Aude Ruyter Ourse devient somnambule et s\u2019enfuit la nuit. Sa m\u00e8re tente de la gu\u00e9rir de ce mal. Mais Ourse ne veut pas gu\u00e9rir, bien d\u00e9cid\u00e9e \u00e0 comprendre o\u00f9 son sommeil la porte. Veut-elle fuir le cours de sa propre vie ? [&hellip;]<\/p>\n","protected":false},"author":1,"featured_media":973,"comment_status":"closed","ping_status":"open","sticky":false,"template":"","format":"standard","meta":{"footnotes":""},"categories":[10,3,6],"tags":[],"class_list":["post-977","post","type-post","status-publish","format-standard","has-post-thumbnail","hentry","category-bande-originale","category-fiction","category-musique","has-thumbnail"],"_links":{"self":[{"href":"https:\/\/www.davidtrescos.com\/index.php?rest_route=\/wp\/v2\/posts\/977","targetHints":{"allow":["GET"]}}],"collection":[{"href":"https:\/\/www.davidtrescos.com\/index.php?rest_route=\/wp\/v2\/posts"}],"about":[{"href":"https:\/\/www.davidtrescos.com\/index.php?rest_route=\/wp\/v2\/types\/post"}],"author":[{"embeddable":true,"href":"https:\/\/www.davidtrescos.com\/index.php?rest_route=\/wp\/v2\/users\/1"}],"replies":[{"embeddable":true,"href":"https:\/\/www.davidtrescos.com\/index.php?rest_route=%2Fwp%2Fv2%2Fcomments&post=977"}],"version-history":[{"count":15,"href":"https:\/\/www.davidtrescos.com\/index.php?rest_route=\/wp\/v2\/posts\/977\/revisions"}],"predecessor-version":[{"id":1155,"href":"https:\/\/www.davidtrescos.com\/index.php?rest_route=\/wp\/v2\/posts\/977\/revisions\/1155"}],"wp:featuredmedia":[{"embeddable":true,"href":"https:\/\/www.davidtrescos.com\/index.php?rest_route=\/wp\/v2\/media\/973"}],"wp:attachment":[{"href":"https:\/\/www.davidtrescos.com\/index.php?rest_route=%2Fwp%2Fv2%2Fmedia&parent=977"}],"wp:term":[{"taxonomy":"category","embeddable":true,"href":"https:\/\/www.davidtrescos.com\/index.php?rest_route=%2Fwp%2Fv2%2Fcategories&post=977"},{"taxonomy":"post_tag","embeddable":true,"href":"https:\/\/www.davidtrescos.com\/index.php?rest_route=%2Fwp%2Fv2%2Ftags&post=977"}],"curies":[{"name":"wp","href":"https:\/\/api.w.org\/{rel}","templated":true}]}}